{"id":4662,"date":"2026-03-04T22:56:00","date_gmt":"2026-03-04T20:56:00","guid":{"rendered":"https:\/\/somescola.com\/som-escola-students-present-panorama-actual-at-nau-3-ribes\/"},"modified":"2026-03-29T18:27:27","modified_gmt":"2026-03-29T16:27:27","slug":"som-escola-students-present-panorama-actual-at-nau-3-ribes","status":"publish","type":"post","link":"https:\/\/somescola.com\/en\/som-escola-students-present-panorama-actual-at-nau-3-ribes\/","title":{"rendered":"Som Escola students present \u201cPanorama Actual\u201d at Nau 3 Ribes"},"content":{"rendered":"<div class=\"fusion-fullwidth fullwidth-box fusion-builder-row-1 fusion-flex-container has-pattern-background has-mask-background nonhundred-percent-fullwidth non-hundred-percent-height-scrolling\" style=\"--awb-border-radius-top-left:0px;--awb-border-radius-top-right:0px;--awb-border-radius-bottom-right:0px;--awb-border-radius-bottom-left:0px;--awb-flex-wrap:wrap;\" ><div class=\"fusion-builder-row fusion-row fusion-flex-align-items-flex-start fusion-flex-content-wrap\" style=\"max-width:1248px;margin-left: calc(-4% \/ 2 );margin-right: calc(-4% \/ 2 );\"><div class=\"fusion-layout-column fusion_builder_column fusion-builder-column-0 fusion_builder_column_1_1 1_1 fusion-flex-column\" style=\"--awb-bg-size:cover;--awb-width-large:100%;--awb-margin-top-large:0px;--awb-spacing-right-large:1.92%;--awb-margin-bottom-large:20px;--awb-spacing-left-large:1.92%;--awb-width-medium:100%;--awb-order-medium:0;--awb-spacing-right-medium:1.92%;--awb-spacing-left-medium:1.92%;--awb-width-small:100%;--awb-order-small:0;--awb-spacing-right-small:1.92%;--awb-spacing-left-small:1.92%;\"><div class=\"fusion-column-wrapper fusion-column-has-shadow fusion-flex-justify-content-flex-start fusion-content-layout-column\"><div class=\"fusion-text fusion-text-1\"><p>Som Escola students bring their perspective on contemporary art to the Nau 3 Ribes Cultural Center with Panorama Actual, an educational project that connects secondary school students with Valencia&#8217;s cultural life. The initiative culminates in an exhibition open to the public until March 23. <\/p>\n<p>This project is part of the Inter-level Project, an educational innovation proposal from the center in which students from all four years of secondary school work together for three days in cooperative teams. Each member assumes a role within the group with the aim of fostering active participation, critical thinking, and truly meaningful learning. <\/p>\n<p>During the process, students have investigated the city&#8217;s cultural reality through a collaborative mapping of Valencia, meetings with artists and sector professionals, and guided visits to contemporary art exhibitions.<\/p>\n<p>The project has featured the participation of various creators, including Virginia Escoruela, the collective <b>Teatres de la Llum (Vicent Ortol\u00e0 and Mariola Ponce), Inma Femenia, V\u00edctor Trescol\u00ed, and Guillem Escorihuela<\/b>, who have shared their creative processes with the students.<\/p>\n<p>The result of all this work is materialized in an exhibition structured into three spaces or \u201cstations\u201d: a collective cultural map of the city, the works created during workshops with guest artists, and a final installation that gathers the concerns and reflections of the youth.<\/p>\n<p><b>The exhibition can be visited at the Nau 3 Ribes Cultural Center from March 4 to 23.<\/b><\/p>\n<\/div><\/div><\/div><\/div><\/div>\n","protected":false},"excerpt":{"rendered":"","protected":false},"author":2,"featured_media":4663,"comment_status":"open","ping_status":"open","sticky":false,"template":"","format":"standard","meta":{"_acf_changed":false,"footnotes":""},"categories":[144],"tags":[],"class_list":["post-4662","post","type-post","status-publish","format-standard","has-post-thumbnail","hentry","category-events"],"acf":[],"yoast_head":"<!-- This site is optimized with the Yoast SEO plugin v27.1.1 - https:\/\/yoast.com\/product\/yoast-seo-wordpress\/ -->\n<title>Som Escola students present \u201cPanorama Actual\u201d at Nau 3 Ribes - Som Escola<\/title>\n<meta name=\"robots\" content=\"index, follow, max-snippet:-1, max-image-preview:large, max-video-preview:-1\" \/>\n<link rel=\"canonical\" href=\"https:\/\/somescola.com\/en\/som-escola-students-present-panorama-actual-at-nau-3-ribes\/\" \/>\n<meta property=\"og:locale\" content=\"en_US\" \/>\n<meta property=\"og:type\" content=\"article\" \/>\n<meta property=\"og:title\" content=\"Som Escola students present \u201cPanorama Actual\u201d at Nau 3 Ribes - Som Escola\" \/>\n<meta property=\"og:url\" content=\"https:\/\/somescola.com\/en\/som-escola-students-present-panorama-actual-at-nau-3-ribes\/\" \/>\n<meta property=\"og:site_name\" content=\"Som Escola\" \/>\n<meta property=\"article:publisher\" content=\"https:\/\/www.facebook.com\/somescolavalencia\" \/>\n<meta property=\"article:published_time\" content=\"2026-03-04T20:56:00+00:00\" \/>\n<meta property=\"article:modified_time\" content=\"2026-03-29T16:27:27+00:00\" \/>\n<meta property=\"og:image\" content=\"https:\/\/somescola.com\/wp-content\/uploads\/2026\/03\/1772211527549-e1772657820845.jpg\" \/>\n\t<meta property=\"og:image:width\" content=\"1080\" \/>\n\t<meta property=\"og:image:height\" content=\"1256\" \/>\n\t<meta property=\"og:image:type\" content=\"image\/jpeg\" \/>\n<meta name=\"author\" content=\"Domi R. Le\u00f3n\" \/>\n<meta name=\"twitter:card\" content=\"summary_large_image\" \/>\n<meta name=\"twitter:label1\" content=\"Written by\" \/>\n\t<meta name=\"twitter:data1\" content=\"Domi R. Le\u00f3n\" \/>\n\t<meta name=\"twitter:label2\" content=\"Est. reading time\" \/>\n\t<meta name=\"twitter:data2\" content=\"5 minutes\" \/>\n<script type=\"application\/ld+json\" class=\"yoast-schema-graph\">{\"@context\":\"https:\/\/schema.org\",\"@graph\":[{\"@type\":\"Article\",\"@id\":\"https:\/\/somescola.com\/en\/som-escola-students-present-panorama-actual-at-nau-3-ribes\/#article\",\"isPartOf\":{\"@id\":\"https:\/\/somescola.com\/en\/som-escola-students-present-panorama-actual-at-nau-3-ribes\/\"},\"author\":{\"name\":\"Domi R. Le\u00f3n\",\"@id\":\"https:\/\/somescola.com\/en\/#\/schema\/person\/48cb9011a9c607d29000967fe74dc16f\"},\"headline\":\"Som Escola students present \u201cPanorama Actual\u201d at Nau 3 Ribes\",\"datePublished\":\"2026-03-04T20:56:00+00:00\",\"dateModified\":\"2026-03-29T16:27:27+00:00\",\"mainEntityOfPage\":{\"@id\":\"https:\/\/somescola.com\/en\/som-escola-students-present-panorama-actual-at-nau-3-ribes\/\"},\"wordCount\":925,\"commentCount\":0,\"publisher\":{\"@id\":\"https:\/\/somescola.com\/en\/#organization\"},\"image\":{\"@id\":\"https:\/\/somescola.com\/en\/som-escola-students-present-panorama-actual-at-nau-3-ribes\/#primaryimage\"},\"thumbnailUrl\":\"https:\/\/somescola.com\/wp-content\/uploads\/2026\/03\/1772211527549-e1772657820845.jpg\",\"articleSection\":[\"Events\"],\"inLanguage\":\"en-US\",\"potentialAction\":[{\"@type\":\"CommentAction\",\"name\":\"Comment\",\"target\":[\"https:\/\/somescola.com\/en\/som-escola-students-present-panorama-actual-at-nau-3-ribes\/#respond\"]}]},{\"@type\":\"WebPage\",\"@id\":\"https:\/\/somescola.com\/en\/som-escola-students-present-panorama-actual-at-nau-3-ribes\/\",\"url\":\"https:\/\/somescola.com\/en\/som-escola-students-present-panorama-actual-at-nau-3-ribes\/\",\"name\":\"Som Escola students present \u201cPanorama Actual\u201d at Nau 3 Ribes - Som Escola\",\"isPartOf\":{\"@id\":\"https:\/\/somescola.com\/en\/#website\"},\"primaryImageOfPage\":{\"@id\":\"https:\/\/somescola.com\/en\/som-escola-students-present-panorama-actual-at-nau-3-ribes\/#primaryimage\"},\"image\":{\"@id\":\"https:\/\/somescola.com\/en\/som-escola-students-present-panorama-actual-at-nau-3-ribes\/#primaryimage\"},\"thumbnailUrl\":\"https:\/\/somescola.com\/wp-content\/uploads\/2026\/03\/1772211527549-e1772657820845.jpg\",\"datePublished\":\"2026-03-04T20:56:00+00:00\",\"dateModified\":\"2026-03-29T16:27:27+00:00\",\"breadcrumb\":{\"@id\":\"https:\/\/somescola.com\/en\/som-escola-students-present-panorama-actual-at-nau-3-ribes\/#breadcrumb\"},\"inLanguage\":\"en-US\",\"potentialAction\":[{\"@type\":\"ReadAction\",\"target\":[\"https:\/\/somescola.com\/en\/som-escola-students-present-panorama-actual-at-nau-3-ribes\/\"]}]},{\"@type\":\"ImageObject\",\"inLanguage\":\"en-US\",\"@id\":\"https:\/\/somescola.com\/en\/som-escola-students-present-panorama-actual-at-nau-3-ribes\/#primaryimage\",\"url\":\"https:\/\/somescola.com\/wp-content\/uploads\/2026\/03\/1772211527549-e1772657820845.jpg\",\"contentUrl\":\"https:\/\/somescola.com\/wp-content\/uploads\/2026\/03\/1772211527549-e1772657820845.jpg\",\"width\":1080,\"height\":1256},{\"@type\":\"BreadcrumbList\",\"@id\":\"https:\/\/somescola.com\/en\/som-escola-students-present-panorama-actual-at-nau-3-ribes\/#breadcrumb\",\"itemListElement\":[{\"@type\":\"ListItem\",\"position\":1,\"name\":\"Inici\",\"item\":\"https:\/\/somescola.com\/en\/home\/\"},{\"@type\":\"ListItem\",\"position\":2,\"name\":\"Som Escola students present \u201cPanorama Actual\u201d at Nau 3 Ribes\"}]},{\"@type\":\"WebSite\",\"@id\":\"https:\/\/somescola.com\/en\/#website\",\"url\":\"https:\/\/somescola.com\/en\/\",\"name\":\"Som Escola\",\"description\":\"Escola cooperativa valenciana\",\"publisher\":{\"@id\":\"https:\/\/somescola.com\/en\/#organization\"},\"potentialAction\":[{\"@type\":\"SearchAction\",\"target\":{\"@type\":\"EntryPoint\",\"urlTemplate\":\"https:\/\/somescola.com\/en\/?s={search_term_string}\"},\"query-input\":{\"@type\":\"PropertyValueSpecification\",\"valueRequired\":true,\"valueName\":\"search_term_string\"}}],\"inLanguage\":\"en-US\"},{\"@type\":\"Organization\",\"@id\":\"https:\/\/somescola.com\/en\/#organization\",\"name\":\"Som Escola\",\"url\":\"https:\/\/somescola.com\/en\/\",\"logo\":{\"@type\":\"ImageObject\",\"inLanguage\":\"en-US\",\"@id\":\"https:\/\/somescola.com\/en\/#\/schema\/logo\/image\/\",\"url\":\"https:\/\/somescola.com\/wp-content\/uploads\/2025\/05\/Logo_Som_Escola_png.png\",\"contentUrl\":\"https:\/\/somescola.com\/wp-content\/uploads\/2025\/05\/Logo_Som_Escola_png.png\",\"width\":2022,\"height\":1609,\"caption\":\"Som Escola\"},\"image\":{\"@id\":\"https:\/\/somescola.com\/en\/#\/schema\/logo\/image\/\"},\"sameAs\":[\"https:\/\/www.facebook.com\/somescolavalencia\",\"https:\/\/www.instagram.com\/somescolavalencia\/\",\"https:\/\/www.youtube.com\/@somescolavalencia1324\"]},{\"@type\":\"Person\",\"@id\":\"https:\/\/somescola.com\/en\/#\/schema\/person\/48cb9011a9c607d29000967fe74dc16f\",\"name\":\"Domi R. Le\u00f3n\",\"image\":{\"@type\":\"ImageObject\",\"inLanguage\":\"en-US\",\"@id\":\"https:\/\/somescola.com\/en\/#\/schema\/person\/image\/\",\"url\":\"https:\/\/secure.gravatar.com\/avatar\/023a8958d6745608afe7f9ee33512e5a99d894ed7b503a0dd2bfd9408b830f60?s=96&d=mm&r=g\",\"contentUrl\":\"https:\/\/secure.gravatar.com\/avatar\/023a8958d6745608afe7f9ee33512e5a99d894ed7b503a0dd2bfd9408b830f60?s=96&d=mm&r=g\",\"caption\":\"Domi R. Le\u00f3n\"},\"url\":\"https:\/\/somescola.com\/en\/author\/domi_somescola\/\"}]}<\/script>\n<!-- \/ Yoast SEO plugin. -->","yoast_head_json":{"title":"Som Escola students present \u201cPanorama Actual\u201d at Nau 3 Ribes - Som Escola","robots":{"index":"index","follow":"follow","max-snippet":"max-snippet:-1","max-image-preview":"max-image-preview:large","max-video-preview":"max-video-preview:-1"},"canonical":"https:\/\/somescola.com\/en\/som-escola-students-present-panorama-actual-at-nau-3-ribes\/","og_locale":"en_US","og_type":"article","og_title":"Som Escola students present \u201cPanorama Actual\u201d at Nau 3 Ribes - Som Escola","og_url":"https:\/\/somescola.com\/en\/som-escola-students-present-panorama-actual-at-nau-3-ribes\/","og_site_name":"Som Escola","article_publisher":"https:\/\/www.facebook.com\/somescolavalencia","article_published_time":"2026-03-04T20:56:00+00:00","article_modified_time":"2026-03-29T16:27:27+00:00","og_image":[{"width":1080,"height":1256,"url":"https:\/\/somescola.com\/wp-content\/uploads\/2026\/03\/1772211527549-e1772657820845.jpg","type":"image\/jpeg"}],"author":"Domi R. Le\u00f3n","twitter_card":"summary_large_image","twitter_misc":{"Written by":"Domi R. Le\u00f3n","Est. reading time":"5 minutes"},"schema":{"@context":"https:\/\/schema.org","@graph":[{"@type":"Article","@id":"https:\/\/somescola.com\/en\/som-escola-students-present-panorama-actual-at-nau-3-ribes\/#article","isPartOf":{"@id":"https:\/\/somescola.com\/en\/som-escola-students-present-panorama-actual-at-nau-3-ribes\/"},"author":{"name":"Domi R. Le\u00f3n","@id":"https:\/\/somescola.com\/en\/#\/schema\/person\/48cb9011a9c607d29000967fe74dc16f"},"headline":"Som Escola students present \u201cPanorama Actual\u201d at Nau 3 Ribes","datePublished":"2026-03-04T20:56:00+00:00","dateModified":"2026-03-29T16:27:27+00:00","mainEntityOfPage":{"@id":"https:\/\/somescola.com\/en\/som-escola-students-present-panorama-actual-at-nau-3-ribes\/"},"wordCount":925,"commentCount":0,"publisher":{"@id":"https:\/\/somescola.com\/en\/#organization"},"image":{"@id":"https:\/\/somescola.com\/en\/som-escola-students-present-panorama-actual-at-nau-3-ribes\/#primaryimage"},"thumbnailUrl":"https:\/\/somescola.com\/wp-content\/uploads\/2026\/03\/1772211527549-e1772657820845.jpg","articleSection":["Events"],"inLanguage":"en-US","potentialAction":[{"@type":"CommentAction","name":"Comment","target":["https:\/\/somescola.com\/en\/som-escola-students-present-panorama-actual-at-nau-3-ribes\/#respond"]}]},{"@type":"WebPage","@id":"https:\/\/somescola.com\/en\/som-escola-students-present-panorama-actual-at-nau-3-ribes\/","url":"https:\/\/somescola.com\/en\/som-escola-students-present-panorama-actual-at-nau-3-ribes\/","name":"Som Escola students present \u201cPanorama Actual\u201d at Nau 3 Ribes - Som Escola","isPartOf":{"@id":"https:\/\/somescola.com\/en\/#website"},"primaryImageOfPage":{"@id":"https:\/\/somescola.com\/en\/som-escola-students-present-panorama-actual-at-nau-3-ribes\/#primaryimage"},"image":{"@id":"https:\/\/somescola.com\/en\/som-escola-students-present-panorama-actual-at-nau-3-ribes\/#primaryimage"},"thumbnailUrl":"https:\/\/somescola.com\/wp-content\/uploads\/2026\/03\/1772211527549-e1772657820845.jpg","datePublished":"2026-03-04T20:56:00+00:00","dateModified":"2026-03-29T16:27:27+00:00","breadcrumb":{"@id":"https:\/\/somescola.com\/en\/som-escola-students-present-panorama-actual-at-nau-3-ribes\/#breadcrumb"},"inLanguage":"en-US","potentialAction":[{"@type":"ReadAction","target":["https:\/\/somescola.com\/en\/som-escola-students-present-panorama-actual-at-nau-3-ribes\/"]}]},{"@type":"ImageObject","inLanguage":"en-US","@id":"https:\/\/somescola.com\/en\/som-escola-students-present-panorama-actual-at-nau-3-ribes\/#primaryimage","url":"https:\/\/somescola.com\/wp-content\/uploads\/2026\/03\/1772211527549-e1772657820845.jpg","contentUrl":"https:\/\/somescola.com\/wp-content\/uploads\/2026\/03\/1772211527549-e1772657820845.jpg","width":1080,"height":1256},{"@type":"BreadcrumbList","@id":"https:\/\/somescola.com\/en\/som-escola-students-present-panorama-actual-at-nau-3-ribes\/#breadcrumb","itemListElement":[{"@type":"ListItem","position":1,"name":"Inici","item":"https:\/\/somescola.com\/en\/home\/"},{"@type":"ListItem","position":2,"name":"Som Escola students present \u201cPanorama Actual\u201d at Nau 3 Ribes"}]},{"@type":"WebSite","@id":"https:\/\/somescola.com\/en\/#website","url":"https:\/\/somescola.com\/en\/","name":"Som Escola","description":"Escola cooperativa valenciana","publisher":{"@id":"https:\/\/somescola.com\/en\/#organization"},"potentialAction":[{"@type":"SearchAction","target":{"@type":"EntryPoint","urlTemplate":"https:\/\/somescola.com\/en\/?s={search_term_string}"},"query-input":{"@type":"PropertyValueSpecification","valueRequired":true,"valueName":"search_term_string"}}],"inLanguage":"en-US"},{"@type":"Organization","@id":"https:\/\/somescola.com\/en\/#organization","name":"Som Escola","url":"https:\/\/somescola.com\/en\/","logo":{"@type":"ImageObject","inLanguage":"en-US","@id":"https:\/\/somescola.com\/en\/#\/schema\/logo\/image\/","url":"https:\/\/somescola.com\/wp-content\/uploads\/2025\/05\/Logo_Som_Escola_png.png","contentUrl":"https:\/\/somescola.com\/wp-content\/uploads\/2025\/05\/Logo_Som_Escola_png.png","width":2022,"height":1609,"caption":"Som Escola"},"image":{"@id":"https:\/\/somescola.com\/en\/#\/schema\/logo\/image\/"},"sameAs":["https:\/\/www.facebook.com\/somescolavalencia","https:\/\/www.instagram.com\/somescolavalencia\/","https:\/\/www.youtube.com\/@somescolavalencia1324"]},{"@type":"Person","@id":"https:\/\/somescola.com\/en\/#\/schema\/person\/48cb9011a9c607d29000967fe74dc16f","name":"Domi R. Le\u00f3n","image":{"@type":"ImageObject","inLanguage":"en-US","@id":"https:\/\/somescola.com\/en\/#\/schema\/person\/image\/","url":"https:\/\/secure.gravatar.com\/avatar\/023a8958d6745608afe7f9ee33512e5a99d894ed7b503a0dd2bfd9408b830f60?s=96&d=mm&r=g","contentUrl":"https:\/\/secure.gravatar.com\/avatar\/023a8958d6745608afe7f9ee33512e5a99d894ed7b503a0dd2bfd9408b830f60?s=96&d=mm&r=g","caption":"Domi R. Le\u00f3n"},"url":"https:\/\/somescola.com\/en\/author\/domi_somescola\/"}]}},"_links":{"self":[{"href":"https:\/\/somescola.com\/en\/wp-json\/wp\/v2\/posts\/4662","targetHints":{"allow":["GET"]}}],"collection":[{"href":"https:\/\/somescola.com\/en\/wp-json\/wp\/v2\/posts"}],"about":[{"href":"https:\/\/somescola.com\/en\/wp-json\/wp\/v2\/types\/post"}],"author":[{"embeddable":true,"href":"https:\/\/somescola.com\/en\/wp-json\/wp\/v2\/users\/2"}],"replies":[{"embeddable":true,"href":"https:\/\/somescola.com\/en\/wp-json\/wp\/v2\/comments?post=4662"}],"version-history":[{"count":5,"href":"https:\/\/somescola.com\/en\/wp-json\/wp\/v2\/posts\/4662\/revisions"}],"predecessor-version":[{"id":4668,"href":"https:\/\/somescola.com\/en\/wp-json\/wp\/v2\/posts\/4662\/revisions\/4668"}],"wp:featuredmedia":[{"embeddable":true,"href":"https:\/\/somescola.com\/en\/wp-json\/wp\/v2\/media\/4663"}],"wp:attachment":[{"href":"https:\/\/somescola.com\/en\/wp-json\/wp\/v2\/media?parent=4662"}],"wp:term":[{"taxonomy":"category","embeddable":true,"href":"https:\/\/somescola.com\/en\/wp-json\/wp\/v2\/categories?post=4662"},{"taxonomy":"post_tag","embeddable":true,"href":"https:\/\/somescola.com\/en\/wp-json\/wp\/v2\/tags?post=4662"}],"curies":[{"name":"wp","href":"https:\/\/api.w.org\/{rel}","templated":true}]}}