{"id":4658,"date":"2026-03-04T22:56:00","date_gmt":"2026-03-04T20:56:00","guid":{"rendered":"https:\/\/somescola.com\/el-alumnado-de-som-escola-presenta-panorama-actual-en-la-nau-3-ribes\/"},"modified":"2026-03-29T18:27:22","modified_gmt":"2026-03-29T16:27:22","slug":"el-alumnado-de-som-escola-presenta-panorama-actual-en-la-nau-3-ribes","status":"publish","type":"post","link":"https:\/\/somescola.com\/es\/el-alumnado-de-som-escola-presenta-panorama-actual-en-la-nau-3-ribes\/","title":{"rendered":"El alumnado de Som Escola presenta \u201cPanorama Actual\u201d en la Nau 3 Ribes"},"content":{"rendered":"<div class=\"fusion-fullwidth fullwidth-box fusion-builder-row-1 fusion-flex-container has-pattern-background has-mask-background nonhundred-percent-fullwidth non-hundred-percent-height-scrolling\" style=\"--awb-border-radius-top-left:0px;--awb-border-radius-top-right:0px;--awb-border-radius-bottom-right:0px;--awb-border-radius-bottom-left:0px;--awb-flex-wrap:wrap;\" ><div class=\"fusion-builder-row fusion-row fusion-flex-align-items-flex-start fusion-flex-content-wrap\" style=\"max-width:1248px;margin-left: calc(-4% \/ 2 );margin-right: calc(-4% \/ 2 );\"><div class=\"fusion-layout-column fusion_builder_column fusion-builder-column-0 fusion_builder_column_1_1 1_1 fusion-flex-column\" style=\"--awb-bg-size:cover;--awb-width-large:100%;--awb-margin-top-large:0px;--awb-spacing-right-large:1.92%;--awb-margin-bottom-large:20px;--awb-spacing-left-large:1.92%;--awb-width-medium:100%;--awb-order-medium:0;--awb-spacing-right-medium:1.92%;--awb-spacing-left-medium:1.92%;--awb-width-small:100%;--awb-order-small:0;--awb-spacing-right-small:1.92%;--awb-spacing-left-small:1.92%;\"><div class=\"fusion-column-wrapper fusion-column-has-shadow fusion-flex-justify-content-flex-start fusion-content-layout-column\"><div class=\"fusion-text fusion-text-1\"><p>El alumnado de Som Escola lleva su mirada sobre el arte contempor\u00e1neo al Centro Cultural Nau 3 Ribes con Panorama Actual, un proyecto educativo que conecta a los y las estudiantes de la ESO con la vida cultural de Valencia. La iniciativa culmina con una exposici\u00f3n abierta al p\u00fablico hasta el 23 de marzo. <\/p>\n<p>Este proyecto forma parte del Proyecto Internivel, una propuesta de innovaci\u00f3n educativa del centro en la que el alumnado de los cuatro cursos de la ESO trabaja conjuntamente durante tres d\u00edas en equipos cooperativos. Cada miembro asume un rol dentro del grupo con el objetivo de fomentar la participaci\u00f3n activa, el pensamiento cr\u00edtico y un aprendizaje realmente significativo. <\/p>\n<p>Durante el proceso, los y las estudiantes han investigado la realidad cultural de la ciudad a trav\u00e9s de un mapeo colaborativo de Valencia, encuentros con artistas y profesionales del sector y visitas comentadas a exposiciones de arte contempor\u00e1neo.<\/p>\n<p>El proyecto ha contado con la participaci\u00f3n de diversos creadores y creadoras, entre ellos Virginia Escoruela, el colectivo <b>Teatres de la Llum (Vicent Ortol\u00e0 y Mariola Ponce), Inma Femenia, V\u00edctor Trescol\u00ed y Guillem Escorihuela<\/b>, que han compartido sus procesos creativos con el alumnado.<\/p>\n<p>El resultado de todo este trabajo se materializa en una exposici\u00f3n estructurada en tres espacios o \u201cestaciones\u201d: un mapa cultural colectivo de la ciudad, las obras creadas durante los talleres con los artistas invitados y una instalaci\u00f3n final que recoge las inquietudes y reflexiones de los j\u00f3venes.<\/p>\n<p><b>La exposici\u00f3n se puede visitar en el Centro Cultural Nau 3 Ribes del 4 al 23 de marzo.<\/b><\/p>\n<\/div><\/div><\/div><\/div><\/div>\n","protected":false},"excerpt":{"rendered":"","protected":false},"author":2,"featured_media":4659,"comment_status":"open","ping_status":"open","sticky":false,"template":"","format":"standard","meta":{"_acf_changed":false,"footnotes":""},"categories":[143],"tags":[],"class_list":["post-4658","post","type-post","status-publish","format-standard","has-post-thumbnail","hentry","category-eventos"],"acf":[],"yoast_head":"<!-- This site is optimized with the Yoast SEO plugin v27.1.1 - https:\/\/yoast.com\/product\/yoast-seo-wordpress\/ -->\n<title>El alumnado de Som Escola presenta \u201cPanorama Actual\u201d en la Nau 3 Ribes - Som Escola<\/title>\n<meta name=\"robots\" content=\"index, follow, max-snippet:-1, max-image-preview:large, max-video-preview:-1\" \/>\n<link rel=\"canonical\" href=\"https:\/\/somescola.com\/es\/el-alumnado-de-som-escola-presenta-panorama-actual-en-la-nau-3-ribes\/\" \/>\n<meta property=\"og:locale\" content=\"es_ES\" \/>\n<meta property=\"og:type\" content=\"article\" \/>\n<meta property=\"og:title\" content=\"El alumnado de Som Escola presenta \u201cPanorama Actual\u201d en la Nau 3 Ribes - Som Escola\" \/>\n<meta property=\"og:url\" content=\"https:\/\/somescola.com\/es\/el-alumnado-de-som-escola-presenta-panorama-actual-en-la-nau-3-ribes\/\" \/>\n<meta property=\"og:site_name\" content=\"Som Escola\" \/>\n<meta property=\"article:publisher\" content=\"https:\/\/www.facebook.com\/somescolavalencia\" \/>\n<meta property=\"article:published_time\" content=\"2026-03-04T20:56:00+00:00\" \/>\n<meta property=\"article:modified_time\" content=\"2026-03-29T16:27:22+00:00\" \/>\n<meta property=\"og:image\" content=\"https:\/\/somescola.com\/wp-content\/uploads\/2026\/03\/1772211527549-e1772657820845.jpg\" \/>\n\t<meta property=\"og:image:width\" content=\"1080\" \/>\n\t<meta property=\"og:image:height\" content=\"1256\" \/>\n\t<meta property=\"og:image:type\" content=\"image\/jpeg\" \/>\n<meta name=\"author\" content=\"Domi R. Le\u00f3n\" \/>\n<meta name=\"twitter:card\" content=\"summary_large_image\" \/>\n<meta name=\"twitter:label1\" content=\"Escrito por\" \/>\n\t<meta name=\"twitter:data1\" content=\"Domi R. Le\u00f3n\" \/>\n\t<meta name=\"twitter:label2\" content=\"Tiempo de lectura\" \/>\n\t<meta name=\"twitter:data2\" content=\"5 minutos\" \/>\n<script type=\"application\/ld+json\" class=\"yoast-schema-graph\">{\"@context\":\"https:\/\/schema.org\",\"@graph\":[{\"@type\":\"Article\",\"@id\":\"https:\/\/somescola.com\/es\/el-alumnado-de-som-escola-presenta-panorama-actual-en-la-nau-3-ribes\/#article\",\"isPartOf\":{\"@id\":\"https:\/\/somescola.com\/es\/el-alumnado-de-som-escola-presenta-panorama-actual-en-la-nau-3-ribes\/\"},\"author\":{\"name\":\"Domi R. Le\u00f3n\",\"@id\":\"https:\/\/somescola.com\/es\/#\/schema\/person\/48cb9011a9c607d29000967fe74dc16f\"},\"headline\":\"El alumnado de Som Escola presenta \u201cPanorama Actual\u201d en la Nau 3 Ribes\",\"datePublished\":\"2026-03-04T20:56:00+00:00\",\"dateModified\":\"2026-03-29T16:27:22+00:00\",\"mainEntityOfPage\":{\"@id\":\"https:\/\/somescola.com\/es\/el-alumnado-de-som-escola-presenta-panorama-actual-en-la-nau-3-ribes\/\"},\"wordCount\":972,\"commentCount\":0,\"publisher\":{\"@id\":\"https:\/\/somescola.com\/es\/#organization\"},\"image\":{\"@id\":\"https:\/\/somescola.com\/es\/el-alumnado-de-som-escola-presenta-panorama-actual-en-la-nau-3-ribes\/#primaryimage\"},\"thumbnailUrl\":\"https:\/\/somescola.com\/wp-content\/uploads\/2026\/03\/1772211527549-e1772657820845.jpg\",\"articleSection\":[\"Eventos\"],\"inLanguage\":\"es\",\"potentialAction\":[{\"@type\":\"CommentAction\",\"name\":\"Comment\",\"target\":[\"https:\/\/somescola.com\/es\/el-alumnado-de-som-escola-presenta-panorama-actual-en-la-nau-3-ribes\/#respond\"]}]},{\"@type\":\"WebPage\",\"@id\":\"https:\/\/somescola.com\/es\/el-alumnado-de-som-escola-presenta-panorama-actual-en-la-nau-3-ribes\/\",\"url\":\"https:\/\/somescola.com\/es\/el-alumnado-de-som-escola-presenta-panorama-actual-en-la-nau-3-ribes\/\",\"name\":\"El alumnado de Som Escola presenta \u201cPanorama Actual\u201d en la Nau 3 Ribes - Som Escola\",\"isPartOf\":{\"@id\":\"https:\/\/somescola.com\/es\/#website\"},\"primaryImageOfPage\":{\"@id\":\"https:\/\/somescola.com\/es\/el-alumnado-de-som-escola-presenta-panorama-actual-en-la-nau-3-ribes\/#primaryimage\"},\"image\":{\"@id\":\"https:\/\/somescola.com\/es\/el-alumnado-de-som-escola-presenta-panorama-actual-en-la-nau-3-ribes\/#primaryimage\"},\"thumbnailUrl\":\"https:\/\/somescola.com\/wp-content\/uploads\/2026\/03\/1772211527549-e1772657820845.jpg\",\"datePublished\":\"2026-03-04T20:56:00+00:00\",\"dateModified\":\"2026-03-29T16:27:22+00:00\",\"breadcrumb\":{\"@id\":\"https:\/\/somescola.com\/es\/el-alumnado-de-som-escola-presenta-panorama-actual-en-la-nau-3-ribes\/#breadcrumb\"},\"inLanguage\":\"es\",\"potentialAction\":[{\"@type\":\"ReadAction\",\"target\":[\"https:\/\/somescola.com\/es\/el-alumnado-de-som-escola-presenta-panorama-actual-en-la-nau-3-ribes\/\"]}]},{\"@type\":\"ImageObject\",\"inLanguage\":\"es\",\"@id\":\"https:\/\/somescola.com\/es\/el-alumnado-de-som-escola-presenta-panorama-actual-en-la-nau-3-ribes\/#primaryimage\",\"url\":\"https:\/\/somescola.com\/wp-content\/uploads\/2026\/03\/1772211527549-e1772657820845.jpg\",\"contentUrl\":\"https:\/\/somescola.com\/wp-content\/uploads\/2026\/03\/1772211527549-e1772657820845.jpg\",\"width\":1080,\"height\":1256},{\"@type\":\"BreadcrumbList\",\"@id\":\"https:\/\/somescola.com\/es\/el-alumnado-de-som-escola-presenta-panorama-actual-en-la-nau-3-ribes\/#breadcrumb\",\"itemListElement\":[{\"@type\":\"ListItem\",\"position\":1,\"name\":\"Inici\",\"item\":\"https:\/\/somescola.com\/es\/home\/\"},{\"@type\":\"ListItem\",\"position\":2,\"name\":\"El alumnado de Som Escola presenta \u201cPanorama Actual\u201d en la Nau 3 Ribes\"}]},{\"@type\":\"WebSite\",\"@id\":\"https:\/\/somescola.com\/es\/#website\",\"url\":\"https:\/\/somescola.com\/es\/\",\"name\":\"Som Escola\",\"description\":\"Escola cooperativa valenciana\",\"publisher\":{\"@id\":\"https:\/\/somescola.com\/es\/#organization\"},\"potentialAction\":[{\"@type\":\"SearchAction\",\"target\":{\"@type\":\"EntryPoint\",\"urlTemplate\":\"https:\/\/somescola.com\/es\/?s={search_term_string}\"},\"query-input\":{\"@type\":\"PropertyValueSpecification\",\"valueRequired\":true,\"valueName\":\"search_term_string\"}}],\"inLanguage\":\"es\"},{\"@type\":\"Organization\",\"@id\":\"https:\/\/somescola.com\/es\/#organization\",\"name\":\"Som Escola\",\"url\":\"https:\/\/somescola.com\/es\/\",\"logo\":{\"@type\":\"ImageObject\",\"inLanguage\":\"es\",\"@id\":\"https:\/\/somescola.com\/es\/#\/schema\/logo\/image\/\",\"url\":\"https:\/\/somescola.com\/wp-content\/uploads\/2025\/05\/Logo_Som_Escola_png.png\",\"contentUrl\":\"https:\/\/somescola.com\/wp-content\/uploads\/2025\/05\/Logo_Som_Escola_png.png\",\"width\":2022,\"height\":1609,\"caption\":\"Som Escola\"},\"image\":{\"@id\":\"https:\/\/somescola.com\/es\/#\/schema\/logo\/image\/\"},\"sameAs\":[\"https:\/\/www.facebook.com\/somescolavalencia\",\"https:\/\/www.instagram.com\/somescolavalencia\/\",\"https:\/\/www.youtube.com\/@somescolavalencia1324\"]},{\"@type\":\"Person\",\"@id\":\"https:\/\/somescola.com\/es\/#\/schema\/person\/48cb9011a9c607d29000967fe74dc16f\",\"name\":\"Domi R. Le\u00f3n\",\"image\":{\"@type\":\"ImageObject\",\"inLanguage\":\"es\",\"@id\":\"https:\/\/somescola.com\/es\/#\/schema\/person\/image\/\",\"url\":\"https:\/\/secure.gravatar.com\/avatar\/023a8958d6745608afe7f9ee33512e5a99d894ed7b503a0dd2bfd9408b830f60?s=96&d=mm&r=g\",\"contentUrl\":\"https:\/\/secure.gravatar.com\/avatar\/023a8958d6745608afe7f9ee33512e5a99d894ed7b503a0dd2bfd9408b830f60?s=96&d=mm&r=g\",\"caption\":\"Domi R. Le\u00f3n\"},\"url\":\"https:\/\/somescola.com\/es\/author\/domi_somescola\/\"}]}<\/script>\n<!-- \/ Yoast SEO plugin. -->","yoast_head_json":{"title":"El alumnado de Som Escola presenta \u201cPanorama Actual\u201d en la Nau 3 Ribes - Som Escola","robots":{"index":"index","follow":"follow","max-snippet":"max-snippet:-1","max-image-preview":"max-image-preview:large","max-video-preview":"max-video-preview:-1"},"canonical":"https:\/\/somescola.com\/es\/el-alumnado-de-som-escola-presenta-panorama-actual-en-la-nau-3-ribes\/","og_locale":"es_ES","og_type":"article","og_title":"El alumnado de Som Escola presenta \u201cPanorama Actual\u201d en la Nau 3 Ribes - Som Escola","og_url":"https:\/\/somescola.com\/es\/el-alumnado-de-som-escola-presenta-panorama-actual-en-la-nau-3-ribes\/","og_site_name":"Som Escola","article_publisher":"https:\/\/www.facebook.com\/somescolavalencia","article_published_time":"2026-03-04T20:56:00+00:00","article_modified_time":"2026-03-29T16:27:22+00:00","og_image":[{"width":1080,"height":1256,"url":"https:\/\/somescola.com\/wp-content\/uploads\/2026\/03\/1772211527549-e1772657820845.jpg","type":"image\/jpeg"}],"author":"Domi R. Le\u00f3n","twitter_card":"summary_large_image","twitter_misc":{"Escrito por":"Domi R. Le\u00f3n","Tiempo de lectura":"5 minutos"},"schema":{"@context":"https:\/\/schema.org","@graph":[{"@type":"Article","@id":"https:\/\/somescola.com\/es\/el-alumnado-de-som-escola-presenta-panorama-actual-en-la-nau-3-ribes\/#article","isPartOf":{"@id":"https:\/\/somescola.com\/es\/el-alumnado-de-som-escola-presenta-panorama-actual-en-la-nau-3-ribes\/"},"author":{"name":"Domi R. Le\u00f3n","@id":"https:\/\/somescola.com\/es\/#\/schema\/person\/48cb9011a9c607d29000967fe74dc16f"},"headline":"El alumnado de Som Escola presenta \u201cPanorama Actual\u201d en la Nau 3 Ribes","datePublished":"2026-03-04T20:56:00+00:00","dateModified":"2026-03-29T16:27:22+00:00","mainEntityOfPage":{"@id":"https:\/\/somescola.com\/es\/el-alumnado-de-som-escola-presenta-panorama-actual-en-la-nau-3-ribes\/"},"wordCount":972,"commentCount":0,"publisher":{"@id":"https:\/\/somescola.com\/es\/#organization"},"image":{"@id":"https:\/\/somescola.com\/es\/el-alumnado-de-som-escola-presenta-panorama-actual-en-la-nau-3-ribes\/#primaryimage"},"thumbnailUrl":"https:\/\/somescola.com\/wp-content\/uploads\/2026\/03\/1772211527549-e1772657820845.jpg","articleSection":["Eventos"],"inLanguage":"es","potentialAction":[{"@type":"CommentAction","name":"Comment","target":["https:\/\/somescola.com\/es\/el-alumnado-de-som-escola-presenta-panorama-actual-en-la-nau-3-ribes\/#respond"]}]},{"@type":"WebPage","@id":"https:\/\/somescola.com\/es\/el-alumnado-de-som-escola-presenta-panorama-actual-en-la-nau-3-ribes\/","url":"https:\/\/somescola.com\/es\/el-alumnado-de-som-escola-presenta-panorama-actual-en-la-nau-3-ribes\/","name":"El alumnado de Som Escola presenta \u201cPanorama Actual\u201d en la Nau 3 Ribes - Som Escola","isPartOf":{"@id":"https:\/\/somescola.com\/es\/#website"},"primaryImageOfPage":{"@id":"https:\/\/somescola.com\/es\/el-alumnado-de-som-escola-presenta-panorama-actual-en-la-nau-3-ribes\/#primaryimage"},"image":{"@id":"https:\/\/somescola.com\/es\/el-alumnado-de-som-escola-presenta-panorama-actual-en-la-nau-3-ribes\/#primaryimage"},"thumbnailUrl":"https:\/\/somescola.com\/wp-content\/uploads\/2026\/03\/1772211527549-e1772657820845.jpg","datePublished":"2026-03-04T20:56:00+00:00","dateModified":"2026-03-29T16:27:22+00:00","breadcrumb":{"@id":"https:\/\/somescola.com\/es\/el-alumnado-de-som-escola-presenta-panorama-actual-en-la-nau-3-ribes\/#breadcrumb"},"inLanguage":"es","potentialAction":[{"@type":"ReadAction","target":["https:\/\/somescola.com\/es\/el-alumnado-de-som-escola-presenta-panorama-actual-en-la-nau-3-ribes\/"]}]},{"@type":"ImageObject","inLanguage":"es","@id":"https:\/\/somescola.com\/es\/el-alumnado-de-som-escola-presenta-panorama-actual-en-la-nau-3-ribes\/#primaryimage","url":"https:\/\/somescola.com\/wp-content\/uploads\/2026\/03\/1772211527549-e1772657820845.jpg","contentUrl":"https:\/\/somescola.com\/wp-content\/uploads\/2026\/03\/1772211527549-e1772657820845.jpg","width":1080,"height":1256},{"@type":"BreadcrumbList","@id":"https:\/\/somescola.com\/es\/el-alumnado-de-som-escola-presenta-panorama-actual-en-la-nau-3-ribes\/#breadcrumb","itemListElement":[{"@type":"ListItem","position":1,"name":"Inici","item":"https:\/\/somescola.com\/es\/home\/"},{"@type":"ListItem","position":2,"name":"El alumnado de Som Escola presenta \u201cPanorama Actual\u201d en la Nau 3 Ribes"}]},{"@type":"WebSite","@id":"https:\/\/somescola.com\/es\/#website","url":"https:\/\/somescola.com\/es\/","name":"Som Escola","description":"Escola cooperativa valenciana","publisher":{"@id":"https:\/\/somescola.com\/es\/#organization"},"potentialAction":[{"@type":"SearchAction","target":{"@type":"EntryPoint","urlTemplate":"https:\/\/somescola.com\/es\/?s={search_term_string}"},"query-input":{"@type":"PropertyValueSpecification","valueRequired":true,"valueName":"search_term_string"}}],"inLanguage":"es"},{"@type":"Organization","@id":"https:\/\/somescola.com\/es\/#organization","name":"Som Escola","url":"https:\/\/somescola.com\/es\/","logo":{"@type":"ImageObject","inLanguage":"es","@id":"https:\/\/somescola.com\/es\/#\/schema\/logo\/image\/","url":"https:\/\/somescola.com\/wp-content\/uploads\/2025\/05\/Logo_Som_Escola_png.png","contentUrl":"https:\/\/somescola.com\/wp-content\/uploads\/2025\/05\/Logo_Som_Escola_png.png","width":2022,"height":1609,"caption":"Som Escola"},"image":{"@id":"https:\/\/somescola.com\/es\/#\/schema\/logo\/image\/"},"sameAs":["https:\/\/www.facebook.com\/somescolavalencia","https:\/\/www.instagram.com\/somescolavalencia\/","https:\/\/www.youtube.com\/@somescolavalencia1324"]},{"@type":"Person","@id":"https:\/\/somescola.com\/es\/#\/schema\/person\/48cb9011a9c607d29000967fe74dc16f","name":"Domi R. Le\u00f3n","image":{"@type":"ImageObject","inLanguage":"es","@id":"https:\/\/somescola.com\/es\/#\/schema\/person\/image\/","url":"https:\/\/secure.gravatar.com\/avatar\/023a8958d6745608afe7f9ee33512e5a99d894ed7b503a0dd2bfd9408b830f60?s=96&d=mm&r=g","contentUrl":"https:\/\/secure.gravatar.com\/avatar\/023a8958d6745608afe7f9ee33512e5a99d894ed7b503a0dd2bfd9408b830f60?s=96&d=mm&r=g","caption":"Domi R. Le\u00f3n"},"url":"https:\/\/somescola.com\/es\/author\/domi_somescola\/"}]}},"_links":{"self":[{"href":"https:\/\/somescola.com\/es\/wp-json\/wp\/v2\/posts\/4658","targetHints":{"allow":["GET"]}}],"collection":[{"href":"https:\/\/somescola.com\/es\/wp-json\/wp\/v2\/posts"}],"about":[{"href":"https:\/\/somescola.com\/es\/wp-json\/wp\/v2\/types\/post"}],"author":[{"embeddable":true,"href":"https:\/\/somescola.com\/es\/wp-json\/wp\/v2\/users\/2"}],"replies":[{"embeddable":true,"href":"https:\/\/somescola.com\/es\/wp-json\/wp\/v2\/comments?post=4658"}],"version-history":[{"count":2,"href":"https:\/\/somescola.com\/es\/wp-json\/wp\/v2\/posts\/4658\/revisions"}],"predecessor-version":[{"id":4661,"href":"https:\/\/somescola.com\/es\/wp-json\/wp\/v2\/posts\/4658\/revisions\/4661"}],"wp:featuredmedia":[{"embeddable":true,"href":"https:\/\/somescola.com\/es\/wp-json\/wp\/v2\/media\/4659"}],"wp:attachment":[{"href":"https:\/\/somescola.com\/es\/wp-json\/wp\/v2\/media?parent=4658"}],"wp:term":[{"taxonomy":"category","embeddable":true,"href":"https:\/\/somescola.com\/es\/wp-json\/wp\/v2\/categories?post=4658"},{"taxonomy":"post_tag","embeddable":true,"href":"https:\/\/somescola.com\/es\/wp-json\/wp\/v2\/tags?post=4658"}],"curies":[{"name":"wp","href":"https:\/\/api.w.org\/{rel}","templated":true}]}}